{"id":138,"count":7,"description":"Dans les cr\u00e9ations PIERRE d\u2019ALEXIS, il y a quelque chose de \u201cL\u2019\u0152uvre au Noir\u201d de Marguerite Yourcenar. La symbolique des mati\u00e8res, formes, couleurs et le savoir-faire empirique apportent une dimension \u00e9sot\u00e9rique aux bijoux. Au travers des pi\u00e8ces ma\u00eetresses de sa collection que Gr\u00e9goire Maret a commenc\u00e9e il y a plus de 20 ans, on devine une d\u00e9marche artistique constante. <a href=\"https:\/\/pierredalexis.ch\/fr\/creations\/la-collection\/\">En savoir plus<\/a>","link":"https:\/\/pierredalexis.ch\/fr\/type-de-bijoux\/la-collection\/","name":"La collection","slug":"la-collection","taxonomy":"product_cat","parent":0,"meta":[],"menu_order":0,"_links":{"self":[{"href":"https:\/\/pierredalexis.ch\/fr\/wp-json\/wp\/v2\/product_cat\/138","targetHints":{"allow":["GET"]}}],"collection":[{"href":"https:\/\/pierredalexis.ch\/fr\/wp-json\/wp\/v2\/product_cat"}],"about":[{"href":"https:\/\/pierredalexis.ch\/fr\/wp-json\/wp\/v2\/taxonomies\/product_cat"}],"wp:post_type":[{"href":"https:\/\/pierredalexis.ch\/fr\/wp-json\/wp\/v2\/product?product_cat=138"}],"curies":[{"name":"wp","href":"https:\/\/api.w.org\/{rel}","templated":true}]}}